{"id":18823,"date":"2025-09-01T16:53:29","date_gmt":"2025-09-01T14:53:29","guid":{"rendered":"https:\/\/thema-sa.be\/een-mooie-stap-voor-thema\/"},"modified":"2025-09-01T16:53:30","modified_gmt":"2025-09-01T14:53:30","slug":"een-mooie-stap-voor-thema","status":"publish","type":"post","link":"https:\/\/thema-sa.be\/nl\/een-mooie-stap-voor-thema\/","title":{"rendered":"Een mooie stap voor Thema!"},"content":{"rendered":"\t\t<div data-elementor-type=\"wp-post\" data-elementor-id=\"18823\" class=\"elementor elementor-18823 elementor-18458\" data-elementor-post-type=\"post\">\n\t\t\t\t<div class=\"has_eae_slider elementor-element elementor-element-1362641 e-grid e-con-boxed e-con e-parent\" data-eae-slider=\"70091\" data-particle_enable=\"false\" data-particle-mobile-disabled=\"false\" data-id=\"1362641\" data-element_type=\"container\" data-e-type=\"container\">\n\t\t\t\t\t<div class=\"e-con-inner\">\n\t\t\t\t<div class=\"elementor-element elementor-element-8e62e9a elementor-widget elementor-widget-text-editor\" data-id=\"8e62e9a\" data-element_type=\"widget\" data-e-type=\"widget\" data-widget_type=\"text-editor.default\">\n\t\t\t\t<div class=\"elementor-widget-container\">\n\t\t\t\t\t\t\t\t\t<p>Met veel plezier kondigen we onze nieuwe strategische samenwerking aan met Abora Solar, de Spaanse fabrikant van hybride PVT-zonnepanelen met een zeer hoog thermisch rendement. Vanaf nu is Thema de offici\u00eble vertegenwoordiger en verdeler van Abora systemen in Belgi\u00eb en Luxemburg!  <\/p><p>\ud83d\udc49 Dit partnerschap kadert in een gedeelde wens om steeds effici\u00ebntere, duurzamere en vernieuwende oplossingen aan te bieden die een antwoord bieden op de energie-uitdagingen van vandaag. Dankzij haar ervaring op het terrein, haar technische knowhow en haar duurzame visie, is Abora de ideale partner om de ontwikkeling van PVT technologie in de BeLux te ondersteunen. <\/p><p>\u2728De hybride zonnepanelen (PVT) van Abora maken het mogelijk om zowel elektriciteit als warmte te produceren vanuit \u00e9\u00e9n installatie, met een record energie-effici\u00ebntie. Het is een slimme oplossing, ontworpen om het eigen energieverbruik te maximaliseren en de koolstofvoetafdruk van gebouwen te verminderen. <\/p><p>\ud83e\udd1dDoor samen te werken met een bedrijf als Abora zijn we ervan overtuigd dat we samen de energietransitie kunnen versnellen en de komende maanden veel ambitieuze projecten kunnen realiseren.<\/p><p>Bedankt aan het hele Abora team voor hun vertrouwen. Dit is nog maar het begin van een geweldige samenwerking! \ud83d\udcaa<\/p><p>\ud83c\udf0d Laten we samenwerken om hybride zonne-energie in Belgi\u00eb en Luxemburg te promoten!<\/p><p>Aarzel niet om contact met ons op te nemen voor meer informatie.<\/p>\t\t\t\t\t\t\t\t<\/div>\n\t\t\t\t<\/div>\n\t\t<div class=\"has_eae_slider elementor-element elementor-element-ab0162a e-grid e-con-full e-con e-child\" data-eae-slider=\"1896\" data-particle_enable=\"false\" data-particle-mobile-disabled=\"false\" data-id=\"ab0162a\" data-element_type=\"container\" data-e-type=\"container\">\n\t\t\t\t<div class=\"elementor-element elementor-element-ddd05f8 elementor-widget elementor-widget-image\" data-id=\"ddd05f8\" data-element_type=\"widget\" data-e-type=\"widget\" data-widget_type=\"image.default\">\n\t\t\t\t<div class=\"elementor-widget-container\">\n\t\t\t\t\t\t\t\t\t\t\t\t\t\t\t<img loading=\"lazy\" decoding=\"async\" width=\"717\" height=\"470\" src=\"https:\/\/thema-sa.be\/wp-content\/uploads\/2025\/06\/polideportivo-bilbao-1-copie-1.jpg\" class=\"attachment-large size-large wp-image-18469\" alt=\"\" srcset=\"https:\/\/thema-sa.be\/wp-content\/uploads\/2025\/06\/polideportivo-bilbao-1-copie-1.jpg 717w, https:\/\/thema-sa.be\/wp-content\/uploads\/2025\/06\/polideportivo-bilbao-1-copie-1-300x197.jpg 300w\" sizes=\"auto, (max-width: 717px) 100vw, 717px\" \/>\t\t\t\t\t\t\t\t\t\t\t\t\t\t\t<\/div>\n\t\t\t\t<\/div>\n\t\t\t\t<div class=\"elementor-element elementor-element-e197667 elementor-widget elementor-widget-image\" data-id=\"e197667\" data-element_type=\"widget\" data-e-type=\"widget\" data-widget_type=\"image.default\">\n\t\t\t\t<div class=\"elementor-widget-container\">\n\t\t\t\t\t\t\t\t\t\t\t\t\t\t\t<img loading=\"lazy\" decoding=\"async\" width=\"717\" height=\"470\" src=\"https:\/\/thema-sa.be\/wp-content\/uploads\/2025\/06\/hotel-na-xamena-copie.jpg\" class=\"attachment-large size-large wp-image-18467\" alt=\"\" srcset=\"https:\/\/thema-sa.be\/wp-content\/uploads\/2025\/06\/hotel-na-xamena-copie.jpg 717w, https:\/\/thema-sa.be\/wp-content\/uploads\/2025\/06\/hotel-na-xamena-copie-300x197.jpg 300w\" sizes=\"auto, (max-width: 717px) 100vw, 717px\" \/>\t\t\t\t\t\t\t\t\t\t\t\t\t\t\t<\/div>\n\t\t\t\t<\/div>\n\t\t\t\t<\/div>\n\t\t\t\t\t<\/div>\n\t\t\t\t<\/div>\n\t\t\t\t<\/div>\n\t\t","protected":false},"excerpt":{"rendered":"<p>Met veel plezier kondigen we onze nieuwe strategische samenwerking aan met Abora Solar, de Spaanse fabrikant van hybride PVT-zonnepanelen met een zeer hoog thermisch rendement. Vanaf nu is Thema de offici\u00eble vertegenwoordiger en verdeler van Abora systemen in Belgi\u00eb en Luxemburg! \ud83d\udc49 Dit partnerschap kadert in een gedeelde wens om steeds effici\u00ebntere, duurzamere en vernieuwende [&hellip;]<\/p>\n","protected":false},"author":3,"featured_media":18462,"comment_status":"closed","ping_status":"closed","sticky":false,"template":"","format":"standard","meta":{"_acf_changed":false,"_seopress_robots_primary_cat":"none","_seopress_titles_title":"","_seopress_titles_desc":"","_seopress_robots_index":"","footnotes":""},"categories":[81],"tags":[],"class_list":["post-18823","post","type-post","status-publish","format-standard","has-post-thumbnail","hentry","category-nieuws"],"acf":[],"_links":{"self":[{"href":"https:\/\/thema-sa.be\/nl\/wp-json\/wp\/v2\/posts\/18823","targetHints":{"allow":["GET"]}}],"collection":[{"href":"https:\/\/thema-sa.be\/nl\/wp-json\/wp\/v2\/posts"}],"about":[{"href":"https:\/\/thema-sa.be\/nl\/wp-json\/wp\/v2\/types\/post"}],"author":[{"embeddable":true,"href":"https:\/\/thema-sa.be\/nl\/wp-json\/wp\/v2\/users\/3"}],"replies":[{"embeddable":true,"href":"https:\/\/thema-sa.be\/nl\/wp-json\/wp\/v2\/comments?post=18823"}],"version-history":[{"count":1,"href":"https:\/\/thema-sa.be\/nl\/wp-json\/wp\/v2\/posts\/18823\/revisions"}],"predecessor-version":[{"id":18824,"href":"https:\/\/thema-sa.be\/nl\/wp-json\/wp\/v2\/posts\/18823\/revisions\/18824"}],"wp:featuredmedia":[{"embeddable":true,"href":"https:\/\/thema-sa.be\/nl\/wp-json\/wp\/v2\/media\/18462"}],"wp:attachment":[{"href":"https:\/\/thema-sa.be\/nl\/wp-json\/wp\/v2\/media?parent=18823"}],"wp:term":[{"taxonomy":"category","embeddable":true,"href":"https:\/\/thema-sa.be\/nl\/wp-json\/wp\/v2\/categories?post=18823"},{"taxonomy":"post_tag","embeddable":true,"href":"https:\/\/thema-sa.be\/nl\/wp-json\/wp\/v2\/tags?post=18823"}],"curies":[{"name":"wp","href":"https:\/\/api.w.org\/{rel}","templated":true}]}}